{"id":1123,"date":"2025-02-26T10:02:31","date_gmt":"2025-02-26T08:02:31","guid":{"rendered":"https:\/\/patients.regeneraactiva.com\/?p=1123"},"modified":"2025-02-27T10:50:26","modified_gmt":"2025-02-27T08:50:26","slug":"es-posible-curar-la-alopecia-androgenica","status":"publish","type":"post","link":"https:\/\/patients.regeneraactiva.com\/es\/2025\/02\/26\/es-posible-curar-la-alopecia-androgenica\/","title":{"rendered":"\u00bfEs posible curar la Alopecia Androg\u00e9nica?"},"content":{"rendered":"<div class=\"wpb-content-wrapper\"><p>[vc_row][vc_column][vc_column_text css=\u00bb\u00bb el_class=\u00bbtitulo\u00bb]<\/p>\n<h1 style=\"text-align: center;\"><span class=\"NormalTextRun SCXW125197090 BCX0\" data-ccp-parastyle=\"heading 1\">\u00bfEs posible curar la alopecia <\/span><span class=\"NormalTextRun SCXW125197090 BCX0\" data-ccp-parastyle=\"heading 1\">androg\u00e9nica<\/span><span class=\"NormalTextRun SCXW125197090 BCX0\" data-ccp-parastyle=\"heading 1\">?<\/span><\/h1>\n<p>[\/vc_column_text][vc_column_text css=\u00bb\u00bb]<span class=\"TextRun SCXW72767800 BCX0\" lang=\"ES-ES\" xml:lang=\"ES-ES\" data-contrast=\"auto\"><span class=\"NormalTextRun SCXW72767800 BCX0\">La alopecia <\/span><span class=\"NormalTextRun SCXW72767800 BCX0\">androg\u00e9nica<\/span><span class=\"NormalTextRun SCXW72767800 BCX0\"> (AGA) es una condici\u00f3n cr\u00f3nica y progresiva que afecta a hombres y mujeres, caracterizada por la miniaturizaci\u00f3n de los fol\u00edculos pilosos del cuero cabelludo y una reducci\u00f3n gradual de la densidad capilar. La AGA tiene una fisiopatolog\u00eda compleja que involucra interacciones entre factores gen\u00e9ticos, hormonales y del microambiente folicular. En este art\u00edculo, se revisar\u00e1n en detalle los mecanismos fisiopatol\u00f3gicos de la alopecia androg\u00e9nica para abordar la posibilidad de una cura definitiva.<\/span><\/span><span class=\"EOP SCXW72767800 BCX0\" data-ccp-props=\"{&quot;335551550&quot;:6,&quot;335551620&quot;:6}\">\u00a0<\/span>[\/vc_column_text][vc_column_text css=\u00bb\u00bb el_class=\u00bbtitulo\u00bb]<\/p>\n<h2>Influencia de los andr\u00f3genos en la alopecia androg\u00e9nica<\/h2>\n<p data-start=\"131\" data-end=\"603\">Los andr\u00f3genos, especialmente una hormona llamada <strong data-start=\"181\" data-end=\"210\">dihidrotestosterona (DHT)<\/strong>, juegan un papel clave en la <strong data-start=\"240\" data-end=\"270\">alopecia androg\u00e9nica (AGA).<\/strong>\u00a0La DHT se produce a partir de la testosterona con la ayuda de una enzima llamada <strong data-start=\"399\" data-end=\"415\">5\u03b1-reductasa<\/strong>, que tiene dos tipos principales. Uno de estos tipos se encuentra en los <strong data-start=\"489\" data-end=\"530\">fol\u00edculos pilosos del cuero cabelludo<\/strong> y es el responsable de que la DHT act\u00fae directamente sobre el cabello.<\/p>\n<p data-start=\"605\" data-end=\"880\">Cuando la DHT se une a ciertos receptores en los fol\u00edculos pilosos, env\u00eda se\u00f1ales que <strong data-start=\"691\" data-end=\"747\">acortan la fase de crecimiento del cabello (an\u00e1gena)<\/strong> y <strong data-start=\"750\" data-end=\"792\">prolongan la fase de reposo (tel\u00f3gena)<\/strong>. Con el tiempo, esto hace que el cabello <strong data-start=\"834\" data-end=\"877\">se vuelva m\u00e1s delgado y menos abundante<\/strong>.<\/p>\n<p data-start=\"882\" data-end=\"1201\">Adem\u00e1s, este proceso provoca que los fol\u00edculos pilosos grandes y saludables <strong data-start=\"958\" data-end=\"1013\">se encojan y produzcan cabellos m\u00e1s finos y d\u00e9biles<\/strong>, hasta que eventualmente dejan de crecer. Este fen\u00f3meno se conoce como <strong data-start=\"1085\" data-end=\"1117\">miniaturizaci\u00f3n del fol\u00edculo<\/strong> y es la raz\u00f3n principal por la que la AGA causa la p\u00e9rdida progresiva de cabello.<\/p>\n<p>[\/vc_column_text][vc_column_text css=\u00bb\u00bb el_class=\u00bbtitulo\u00bb]<\/p>\n<h2>Factores gen\u00e9ticos en la alopecia androg\u00e9nica<\/h2>\n<p data-start=\"93\" data-end=\"359\">La <strong data-start=\"96\" data-end=\"126\">alopecia androg\u00e9nica<\/strong>\u00a0tiene una fuerte relaci\u00f3n con la gen\u00e9tica, lo que significa que <strong data-start=\"191\" data-end=\"210\">puede heredarse<\/strong> de generaci\u00f3n en generaci\u00f3n. Sin embargo, no hay un solo \u00abgen de la calvicie\u00bb, sino que varios genes influyen en la probabilidad de desarrollarla.<\/p>\n<p data-start=\"361\" data-end=\"657\">Uno de los genes m\u00e1s estudiados es el <strong data-start=\"399\" data-end=\"409\">gen AR<\/strong>, que est\u00e1 relacionado con la sensibilidad del cabello a la hormona <strong data-start=\"477\" data-end=\"484\">DHT<\/strong>. Investigaciones han demostrado que ciertas variaciones en este gen est\u00e1n estrechamente ligadas a la calvicie en hombres.<\/p>\n<p data-start=\"659\" data-end=\"966\">Adem\u00e1s, otros genes que regulan la producci\u00f3n de DHT y la forma en que el cuerpo responde a las hormonas tambi\u00e9n pueden jugar un papel importante. Por eso, la AGA no se debe a un solo factor gen\u00e9tico, sino a la combinaci\u00f3n de varios genes que aumentan o reducen la susceptibilidad a la p\u00e9rdida de cabello.<\/p>\n<p>[\/vc_column_text][vc_column_text css=\u00bb\u00bb el_class=\u00bbtitulo\u00bb]<\/p>\n<h2>Microambiente del fol\u00edculo piloso en la alopecia androg\u00e9nica<\/h2>\n<p data-start=\"80\" data-end=\"423\">En la <strong data-start=\"86\" data-end=\"116\">alopecia androg\u00e9nica<\/strong>, los fol\u00edculos pilosos no solo se encogen, sino que tambi\u00e9n se <strong data-start=\"184\" data-end=\"216\">inflaman de manera cr\u00f3nica<\/strong>, lo que agrava la ca\u00edda del cabello. Esta inflamaci\u00f3n ocurre alrededor de los fol\u00edculos debilitados y se debe a la presencia de ciertas mol\u00e9culas en el cuero cabelludo que interfieren con su regeneraci\u00f3n.<\/p>\n<p data-start=\"425\" data-end=\"688\">Entre estas mol\u00e9culas se encuentran sustancias inflamatorias\u00a0que contribuyen a que los fol\u00edculos se vuelvan cada vez m\u00e1s peque\u00f1os y produzcan cabello m\u00e1s fino hasta dejar de crecer.<\/p>\n<p data-start=\"690\" data-end=\"908\">Con el tiempo, esta inflamaci\u00f3n, junto con la <strong data-start=\"736\" data-end=\"776\">fibrosis (endurecimiento del tejido)<\/strong>, altera el ambiente natural del fol\u00edculo, dificultando su recuperaci\u00f3n y haciendo que la p\u00e9rdida de cabello se vuelva permanente.<\/p>\n<p data-start=\"910\" data-end=\"1283\">Adem\u00e1s, las personas con AGA suelen tener un nivel m\u00e1s alto de <strong data-start=\"973\" data-end=\"993\">estr\u00e9s oxidativo<\/strong>, un tipo de da\u00f1o celular que puede empeorar la inflamaci\u00f3n y afectar las c\u00e9lulas responsables del crecimiento del cabello. Este da\u00f1o puede deberse tanto a factores internos (como la acumulaci\u00f3n de sustancias da\u00f1inas en el cuerpo) como externos (como la exposici\u00f3n al sol sin protecci\u00f3n).<\/p>\n<p>[\/vc_column_text][vc_column_text css=\u00bb\u00bb el_class=\u00bbtitulo\u00bb]<\/p>\n<h2>Entonces&#8230; \u00bfEs posible curar la alopecia androg\u00e9nica?<\/h2>\n<p>La complejidad de los diferentes factores que pueden causar que una persona padezca de alopecia androg\u00e9nica sugieren que una cura definitiva es dif\u00edcil de alcanzar con los tratamientos actuales. Las terapias m\u00e1s utilizadas, como los inhibidores (finasteride y dutasteride) y los vasodilatadores t\u00f3picos (minoxidil), solo ralentizan la progresi\u00f3n de la p\u00e9rdida del cabello y estimulan temporalmente los fol\u00edculos que a\u00fan est\u00e1n en capacidad de generar cabello.<\/p>\n<p><span class=\"TextRun SCXW67081357 BCX0\" lang=\"ES-ES\" xml:lang=\"ES-ES\" data-contrast=\"auto\"><span class=\"NormalTextRun SCXW67081357 BCX0\">El desarrollo de tratamientos basados en el uso de c\u00e9lulas progenitoras y su microambiente, como es el de Regenera Activa, ofrece una oportunidad para abordar la AGA de manera m\u00e1s integral, al modular la inflamaci\u00f3n, la creaci\u00f3n de nuevos vasos sangu\u00edneos y la mejora de las v\u00edas de se\u00f1alizaci\u00f3n <\/span><span class=\"NormalTextRun SCXW67081357 BCX0\">intracelular. <\/span><span class=\"NormalTextRun SCXW67081357 BCX0\">Sin embargo, es importante se\u00f1alar que la AGA es una condici\u00f3n cr\u00f3nica y multifactorial, y una cura completa que restablezca permanentemente la densidad capilar es a\u00fan un objetivo que requiere m\u00e1s investigaci\u00f3n y desarrollo.<\/span><\/span><span class=\"EOP SCXW67081357 BCX0\" data-ccp-props=\"{&quot;335551550&quot;:6,&quot;335551620&quot;:6}\">\u00a0<\/span>[\/vc_column_text][\/vc_column][\/vc_row]<\/p>\n<\/div>","protected":false},"excerpt":{"rendered":"<p>[vc_row][vc_column][vc_column_text css=\u00bb\u00bb el_class=\u00bbtitulo\u00bb] \u00bfEs posible curar la alopecia androg\u00e9nica? [\/vc_column_text][vc_column_text css=\u00bb\u00bb]La alopecia androg\u00e9nica (AGA) es una condici\u00f3n cr\u00f3nica y progresiva que afecta a hombres y mujeres, caracterizada por la miniaturizaci\u00f3n de los fol\u00edculos pilosos del cuero cabelludo y una reducci\u00f3n gradual de la densidad capilar. La AGA tiene una fisiopatolog\u00eda compleja que involucra interacciones entre&hellip;<\/p>\n","protected":false},"author":2,"featured_media":0,"comment_status":"open","ping_status":"open","sticky":false,"template":"","format":"standard","meta":{"inline_featured_image":false,"footnotes":""},"categories":[25],"tags":[],"class_list":["post-1123","post","type-post","status-publish","format-standard","hentry","category-sin-categorizar","category-25","description-off"],"_links":{"self":[{"href":"https:\/\/patients.regeneraactiva.com\/es\/wp-json\/wp\/v2\/posts\/1123","targetHints":{"allow":["GET"]}}],"collection":[{"href":"https:\/\/patients.regeneraactiva.com\/es\/wp-json\/wp\/v2\/posts"}],"about":[{"href":"https:\/\/patients.regeneraactiva.com\/es\/wp-json\/wp\/v2\/types\/post"}],"author":[{"embeddable":true,"href":"https:\/\/patients.regeneraactiva.com\/es\/wp-json\/wp\/v2\/users\/2"}],"replies":[{"embeddable":true,"href":"https:\/\/patients.regeneraactiva.com\/es\/wp-json\/wp\/v2\/comments?post=1123"}],"version-history":[{"count":5,"href":"https:\/\/patients.regeneraactiva.com\/es\/wp-json\/wp\/v2\/posts\/1123\/revisions"}],"predecessor-version":[{"id":1128,"href":"https:\/\/patients.regeneraactiva.com\/es\/wp-json\/wp\/v2\/posts\/1123\/revisions\/1128"}],"wp:attachment":[{"href":"https:\/\/patients.regeneraactiva.com\/es\/wp-json\/wp\/v2\/media?parent=1123"}],"wp:term":[{"taxonomy":"category","embeddable":true,"href":"https:\/\/patients.regeneraactiva.com\/es\/wp-json\/wp\/v2\/categories?post=1123"},{"taxonomy":"post_tag","embeddable":true,"href":"https:\/\/patients.regeneraactiva.com\/es\/wp-json\/wp\/v2\/tags?post=1123"}],"curies":[{"name":"wp","href":"https:\/\/api.w.org\/{rel}","templated":true}]}}