{"id":1057,"date":"2025-02-06T12:33:19","date_gmt":"2025-02-06T10:33:19","guid":{"rendered":"https:\/\/patients.regeneraactiva.com\/?p=1057"},"modified":"2025-02-24T10:28:14","modified_gmt":"2025-02-24T08:28:14","slug":"tipos-de-alopecia-y-sintomas","status":"publish","type":"post","link":"https:\/\/patients.regeneraactiva.com\/es\/2025\/02\/06\/tipos-de-alopecia-y-sintomas\/","title":{"rendered":"Diferentes tipos de alopecia y sus s\u00edntomas"},"content":{"rendered":"<div class=\"wpb-content-wrapper\"><p>[vc_row][vc_column][vc_row_inner][vc_column_inner][vc_column_text css=\u00bb\u00bb el_class=\u00bbtitulo\u00bb]<\/p>\n<h1 style=\"text-align: center;\">Los diferentes tipos de alopecia y sus s\u00edntomas<\/h1>\n<p>[\/vc_column_text][vc_column_text css=\u00bb\u00bb]La <strong>alopecia<\/strong>, t\u00e9rmino utilizado para describir la <strong>p\u00e9rdida de cabello<\/strong>, puede manifestarse en diversas formas, cada una con caracter\u00edsticas \u00fanicas y causas subyacentes. En este art\u00edculo, exploraremos los <strong>tipos m\u00e1s comunes de alopecia<\/strong>, sus mecanismos patog\u00e9nicos y los <strong>s\u00edntomas cl\u00ednicos<\/strong> que permiten su diagn\u00f3stico temprano.[\/vc_column_text][vc_column_text css=\u00bb\u00bb el_class=\u00bbtitulo\u00bb]<\/p>\n<h2>1. Alopecia Androg\u00e9nica<\/h2>\n<p>La <strong>alopecia androgen\u00e9tica<\/strong> (AGA) es la forma m\u00e1s com\u00fan de <strong>p\u00e9rdida de cabello<\/strong> tanto en hombres como en mujeres. Se caracteriza por una <strong>miniaturizaci\u00f3n progresiva de los fol\u00edculos pilosos<\/strong> debido a la acci\u00f3n de la <strong>dihidrotestosterona (DHT)<\/strong>, un metabolito de la testosterona. En los hombres, la AGA se presenta como una <strong>recesi\u00f3n en las entradas<\/strong> y <strong>adelgazamiento en la coronilla<\/strong>, mientras que en las mujeres, el adelgazamiento suele ser m\u00e1s difuso, afectando principalmente la parte superior del cuero cabelludo.[\/vc_column_text][vc_column_text css=\u00bb\u00bb el_class=\u00bbtitulo\u00bb]<\/p>\n<h3>S\u00edntomas de la Alopecia Androg\u00e9nica:<\/h3>\n<ul>\n<li><strong>P\u00e9rdida de densidad capilar<\/strong> en \u00e1reas espec\u00edficas del cuero cabelludo.<\/li>\n<li>En hombres, <strong>recesi\u00f3n de la l\u00ednea frontal<\/strong> y adelgazamiento de la coronilla.<\/li>\n<li>En mujeres, <strong>adelgazamiento difuso<\/strong> del cabello.<\/li>\n<\/ul>\n<p>[\/vc_column_text][vc_column_text css=\u00bb\u00bb el_class=\u00bbtitulo\u00bb]<\/p>\n<h2>2. Efluvio Tel\u00f3geno<\/h2>\n<p>El <strong>efluvio tel\u00f3geno<\/strong> se produce cuando una gran cantidad de <strong>fol\u00edculos pilosos<\/strong> entra prematuramente en la fase tel\u00f3gena (reposo). Esto resulta en una p\u00e9rdida de cabello <strong>difusa<\/strong> y generalizada. Las principales causas incluyen el <strong>estr\u00e9s f\u00edsico o emocional<\/strong>, <strong>deficiencias nutricionales<\/strong> y <strong>trastornos hormonales<\/strong>. Aunque generalmente es reversible, puede tardar varios meses en que el cabello vuelva a crecer normalmente.[\/vc_column_text][vc_column_text css=\u00bb\u00bb el_class=\u00bbtitulo\u00bb]<\/p>\n<h3>S\u00edntomas del Efluvio Tel\u00f3geno:<\/h3>\n<ul>\n<li><strong>P\u00e9rdida de cabello difusa<\/strong> y visible durante el cepillado o lavado.<\/li>\n<li>En la mayor\u00eda de los casos, el cabello <strong>recupera su crecimiento<\/strong> despu\u00e9s de varios meses.<\/li>\n<\/ul>\n<p>[\/vc_column_text][vc_column_text css=\u00bb\u00bb el_class=\u00bbtitulo\u00bb]<\/p>\n<h2>3. Alopecia Areata<\/h2>\n<p>La <strong>alopecia areata<\/strong> es una <strong>enfermedad autoinmune<\/strong> en la que los linfocitos T atacan los <strong>fol\u00edculos pilosos<\/strong>, provocando la p\u00e9rdida de cabello en <strong>parches bien delimitados<\/strong>. Esta condici\u00f3n puede afectar a cualquier \u00e1rea del cuerpo, incluyendo el cuero cabelludo, las cejas y las pesta\u00f1as. En los casos m\u00e1s graves, se puede desarrollar <strong>alopecia totalis<\/strong> (p\u00e9rdida total del cabello en el cuero cabelludo) o <strong>alopecia universalis<\/strong> (p\u00e9rdida de todo el vello corporal).[\/vc_column_text][vc_column_text css=\u00bb\u00bb el_class=\u00bbtitulo\u00bb]<\/p>\n<h3>S\u00edntomas de la Alopecia Areata:<\/h3>\n<ul>\n<li><strong>P\u00e9rdida de cabello en parches<\/strong>.<\/li>\n<li>En casos severos, <strong>p\u00e9rdida total del cabello<\/strong> en el cuero cabelludo o incluso en todo el cuerpo.<\/li>\n<\/ul>\n<p>[\/vc_column_text][vc_column_text css=\u00bb\u00bb el_class=\u00bbtitulo\u00bb]<\/p>\n<h2>4. Alopecia Frontal Fibrosante<\/h2>\n<p>La <strong>alopecia frontal fibrosante<\/strong> (AFF) es una forma de <strong>alopecia cicatricial<\/strong> que afecta principalmente la l\u00ednea de implantaci\u00f3n frontal del cabello. Es m\u00e1s com\u00fan en <strong>mujeres posmenop\u00e1usicas<\/strong> y se caracteriza por una <strong>fibrosis perifolicular<\/strong> que destruye los fol\u00edculos pilosos. Aunque los mecanismos patog\u00e9nicos a\u00fan no est\u00e1n completamente comprendidos, se sugiere que factores <strong>hormonales<\/strong> e <strong>inflamatorios<\/strong> juegan un papel importante en su desarrollo.[\/vc_column_text][vc_column_text css=\u00bb\u00bb el_class=\u00bbtitulo\u00bb]<\/p>\n<h3>S\u00edntomas de la Alopecia Frontal Fibrosante:<\/h3>\n<ul>\n<li><strong>P\u00e9rdida de cabello en la l\u00ednea frontal<\/strong> del cuero cabelludo.<\/li>\n<li><strong>P\u00e9rdida de cejas<\/strong> y, en casos avanzados, <strong>enrojecimiento y descamaci\u00f3n<\/strong> en la l\u00ednea afectada.<\/li>\n<\/ul>\n<p>[\/vc_column_text][vc_column_text css=\u00bb\u00bb el_class=\u00bbtitulo\u00bb]<\/p>\n<h2>5. Alopecia por Foliculitis Decalvante<\/h2>\n<p>La <strong>folliculitis decalvante<\/strong> (FD) es una <strong>alopecia cicatricial inflamatoria cr\u00f3nica<\/strong> que se caracteriza por la presencia de <strong>p\u00fastulas, costras<\/strong> y <strong>cicatrizaci\u00f3n<\/strong>, lo que provoca la destrucci\u00f3n de los fol\u00edculos pilosos. Se asocia com\u00fanmente con infecciones bacterianas, particularmente <strong>Staphylococcus aureus<\/strong>, aunque su etiolog\u00eda exacta a\u00fan no est\u00e1 clara.[\/vc_column_text][vc_column_text css=\u00bb\u00bb el_class=\u00bbtitulo\u00bb]<\/p>\n<h3>S\u00edntomas de la alopecia por Foliculitis Decalvante:<\/h3>\n<ul>\n<li><strong>P\u00e9rdida de cabello cicatricial<\/strong> en el cuero cabelludo.<\/li>\n<li><strong>Inflamaci\u00f3n<\/strong>, <strong>p\u00fastulas<\/strong> y formaci\u00f3n de costras.<\/li>\n<\/ul>\n<p>[\/vc_column_text][vc_column_text css=\u00bb\u00bb el_class=\u00bbtitulo\u00bb]<\/p>\n<h2>6. Alopecia por tratamientos oncol\u00f3gicos<\/h2>\n<p>Los <strong>tratamientos oncol\u00f3gicos<\/strong>, como la <strong>quimioterapia<\/strong> y la <strong>radioterapia<\/strong>, son causas comunes de <strong>p\u00e9rdida de cabello<\/strong>. La quimioterapia afecta a las <strong>c\u00e9lulas de r\u00e1pido crecimiento<\/strong>, incluyendo las c\u00e9lulas del <strong>fol\u00edculo piloso<\/strong> en fase an\u00e1gena. La radioterapia tambi\u00e9n puede causar alopecia en el \u00e1rea irradiada. Sin embargo, en la mayor\u00eda de los casos, el cabello vuelve a crecer tras finalizar el tratamiento.[\/vc_column_text][vc_column_text css=\u00bb\u00bb el_class=\u00bbtitulo\u00bb]<\/p>\n<h3>S\u00edntomas de la alopecia por tratamientos oncol\u00f3gicos:<\/h3>\n<ul>\n<li><strong>P\u00e9rdida de cabello r\u00e1pida y difusa<\/strong> que afecta no solo el cuero cabelludo, sino tambi\u00e9n cejas, pesta\u00f1as y vello corporal.<\/li>\n<li>El cabello <strong>vuelve a crecer<\/strong> tras finalizar el tratamiento.<\/li>\n<\/ul>\n<p>[\/vc_column_text][vc_column_text css=\u00bb\u00bb el_class=\u00bbtitulo\u00bb]<\/p>\n<h2>Importancia del diagn\u00f3stico temprano en la alopecia<\/h2>\n<p>Cada tipo de <strong>alopecia<\/strong> tiene un perfil cl\u00ednico y patog\u00e9nico \u00fanico. Un <strong>diagn\u00f3stico temprano<\/strong> es crucial para identificar el tipo de alopecia y establecer el tratamiento adecuado. Mientras que algunas formas de alopecia, como el <strong>efluvio tel\u00f3geno<\/strong> y la alopecia por <strong>tratamientos oncol\u00f3gicos<\/strong>, son reversibles, otras, como la <strong>alopecia androgen\u00e9tica<\/strong> y las <strong>alopecias cicatriciales<\/strong>, requieren intervenciones m\u00e1s intensivas para frenar su progreso.[\/vc_column_text][\/vc_column_inner][\/vc_row_inner][\/vc_column][\/vc_row]<\/p>\n<\/div>","protected":false},"excerpt":{"rendered":"<p>[vc_row][vc_column][vc_row_inner][vc_column_inner][vc_column_text css=\u00bb\u00bb el_class=\u00bbtitulo\u00bb] Los diferentes tipos de alopecia y sus s\u00edntomas [\/vc_column_text][vc_column_text css=\u00bb\u00bb]La alopecia, t\u00e9rmino utilizado para describir la p\u00e9rdida de cabello, puede manifestarse en diversas formas, cada una con caracter\u00edsticas \u00fanicas y causas subyacentes. En este art\u00edculo, exploraremos los tipos m\u00e1s comunes de alopecia, sus mecanismos patog\u00e9nicos y los s\u00edntomas cl\u00ednicos que permiten su&hellip;<\/p>\n","protected":false},"author":2,"featured_media":0,"comment_status":"open","ping_status":"open","sticky":false,"template":"","format":"standard","meta":{"inline_featured_image":false,"footnotes":""},"categories":[25],"tags":[],"class_list":["post-1057","post","type-post","status-publish","format-standard","hentry","category-sin-categorizar","category-25","description-off"],"_links":{"self":[{"href":"https:\/\/patients.regeneraactiva.com\/es\/wp-json\/wp\/v2\/posts\/1057","targetHints":{"allow":["GET"]}}],"collection":[{"href":"https:\/\/patients.regeneraactiva.com\/es\/wp-json\/wp\/v2\/posts"}],"about":[{"href":"https:\/\/patients.regeneraactiva.com\/es\/wp-json\/wp\/v2\/types\/post"}],"author":[{"embeddable":true,"href":"https:\/\/patients.regeneraactiva.com\/es\/wp-json\/wp\/v2\/users\/2"}],"replies":[{"embeddable":true,"href":"https:\/\/patients.regeneraactiva.com\/es\/wp-json\/wp\/v2\/comments?post=1057"}],"version-history":[{"count":18,"href":"https:\/\/patients.regeneraactiva.com\/es\/wp-json\/wp\/v2\/posts\/1057\/revisions"}],"predecessor-version":[{"id":1092,"href":"https:\/\/patients.regeneraactiva.com\/es\/wp-json\/wp\/v2\/posts\/1057\/revisions\/1092"}],"wp:attachment":[{"href":"https:\/\/patients.regeneraactiva.com\/es\/wp-json\/wp\/v2\/media?parent=1057"}],"wp:term":[{"taxonomy":"category","embeddable":true,"href":"https:\/\/patients.regeneraactiva.com\/es\/wp-json\/wp\/v2\/categories?post=1057"},{"taxonomy":"post_tag","embeddable":true,"href":"https:\/\/patients.regeneraactiva.com\/es\/wp-json\/wp\/v2\/tags?post=1057"}],"curies":[{"name":"wp","href":"https:\/\/api.w.org\/{rel}","templated":true}]}}